{"id":25819,"date":"2025-03-11T09:34:29","date_gmt":"2025-03-11T09:34:29","guid":{"rendered":"https:\/\/saarjusos.de\/?p=25819"},"modified":"2025-04-28T07:53:58","modified_gmt":"2025-04-28T07:53:58","slug":"pressemitteilung-zum-sondierungspapier-von-spd-und-cdu-csu","status":"publish","type":"post","link":"https:\/\/saarjusos.de\/?p=25819","title":{"rendered":"Pres\u00adse\u00admit\u00adtei\u00adlung: Zum Son\u00addie\u00adrungs\u00adpa\u00adpier von SPD und CDU\/CSU"},"content":{"rendered":"\n[et_pb_section][et_pb_row][et_pb_column type=\u201c4_4\u201d][et_pb_text]<!-- divi:paragraph {\"fontSize\":\"medium\"} -->\n<p class=\"has-medium-font-size\"><strong>Jusos Saar kri\u00adti\u00adsie\u00adren Son\u00addie\u00adrungs\u00adpa\u00adpier: \u201eEin biss\u00adchen Licht, viel Schatten\u201c<\/strong><\/p>\n<!-- \/divi:paragraph -->\n\n<!-- divi:paragraph -->\n<p>Die Jusos Saar\u00adland kri\u00adti\u00adsie\u00adren das Son\u00addie\u00adrungs\u00ader\u00adgeb\u00adnis von CDU\/CSU und SPD scharf. Beson\u00adders die Auf\u00adwei\u00adchung des B\u00fcrger*innengeldes, die Abschaf\u00adfung der t\u00e4g\u00adli\u00adchen H\u00f6chst\u00adar\u00adbeits\u00adzeit und die Ver\u00adein\u00adba\u00adrun\u00adgen im Bereich Migra\u00adti\u00adon sto\u00ad\u00dfen auf mas\u00adsi\u00adve Ablehnung.<\/p>\n<!-- \/divi:paragraph -->\n\n<!-- divi:paragraph -->\n<p>\u201eIn die\u00adser Form ist das Son\u00addie\u00adrungs\u00adpa\u00adpier f\u00fcr uns nicht trag\u00adbar. Wenn sich in den Koali\u00adti\u00adons\u00adver\u00adhand\u00adlun\u00adgen nichts Grund\u00adle\u00adgen\u00addes \u00e4ndert, kann es kein Ja zur Koali\u00adti\u00adon geben\u201c \u2013 so Ste\u00adven Com\u00admey-Bort\u00adsie, Vor\u00adsit\u00adzen\u00adder der Jusos Saarland.<\/p>\n<!-- \/divi:paragraph -->\n\n<!-- divi:paragraph -->\n<p>Beson\u00adders im Bereich Migra\u00adti\u00adon gehen die ver\u00adein\u00adbar\u00adten Ma\u00df\u00adnah\u00admen zu weit. For\u00adde\u00adrun\u00adgen der AfD wie die Aus\u00adset\u00adzung des Fami\u00adli\u00aden\u00adnach\u00adzugs und eine \u201eR\u00fcck\u00adf\u00fch\u00adrungs\u00adof\u00adfen\u00adsi\u00adve\u201c wur\u00adden \u00fcber\u00adnom\u00admen \u2013 The\u00admen, die k\u00fcrz\u00adlich noch zahl\u00adrei\u00adche Jusos und Sozialdemokrat*innen auf die Stra\u00ad\u00dfe gebracht haben.<\/p>\n<!-- \/divi:paragraph -->\n\n<!-- divi:paragraph -->\n<p>\u201eZur\u00fcck\u00adwei\u00adsun\u00adgen an den Gren\u00adzen und die fak\u00adti\u00adsche Ein\u00adf\u00fch\u00adrung eines Zwei-Klas\u00adsen-Staats\u00adan\u00adge\u00adh\u00f6\u00adrig\u00adkeits\u00adrechts d\u00fcr\u00adfen kei\u00adne Grund\u00adla\u00adge f\u00fcr eine Koali\u00adti\u00adon sein!\u201c, stellt Com\u00admey-Bort\u00adsie&nbsp;klar.<\/p>\n<!-- \/divi:paragraph -->\n\n<!-- divi:paragraph -->\n<p>Trotz der deut\u00adli\u00adchen Kri\u00adtik sehen die Jusos Saar\u00adland auch posi\u00adti\u00adve Ans\u00e4t\u00adze im Son\u00addie\u00adrungs\u00adpa\u00adpier. \u201eDie wirt\u00adschafts\u00adpo\u00adli\u00adti\u00adschen Ma\u00df\u00adnah\u00admen sind ein kla\u00adrer Schritt in die rich\u00adti\u00adge Rich\u00adtung, ins\u00adbe\u00adson\u00adde\u00adre f\u00fcr das Saar\u00adland. Mit der Ein\u00adf\u00fch\u00adrung eines Indus\u00adtrie\u00adstrom\u00adprei\u00adses wird die Wett\u00adbe\u00adwerbs\u00adf\u00e4\u00adhig\u00adkeit unse\u00adrer Indus\u00adtrie gest\u00e4rkt\u201c, so Com\u00admey-Bort\u00adsie. Beson\u00adders her\u00advor\u00adzu\u00adhe\u00adben sei, dass mit Anke Reh\u00adlin\u00adger eine star\u00adke saar\u00adl\u00e4n\u00addi\u00adsche Stim\u00adme am Ver\u00adhand\u00adlungs\u00adtisch sit\u00adze: \u201eDie\u00adse saar\u00adl\u00e4n\u00addi\u00adsche Hand\u00adschrift ist ent\u00adschei\u00addend, um den Indus\u00adtrie\u00adstand\u00adort zu sichern und neue, zukunfts\u00adf\u00e4\u00adhi\u00adge Arbeits\u00adpl\u00e4t\u00adze zu schaf\u00adfen \u2013 auch im Bereich der gr\u00fc\u00adnen und inno\u00adva\u00adti\u00adven Tech\u00adno\u00adlo\u00adgien.\u201c Eben\u00adfalls posi\u00adtiv bewer\u00adten die saar\u00adl\u00e4n\u00addi\u00adschen Jusos die geplan\u00adten Auf\u00adwei\u00adchun\u00adgen der Schul\u00adden\u00adbrem\u00adse und das Son\u00adder\u00adver\u00adm\u00f6\u00adgen f\u00fcr Infra\u00adstruk\u00adtur.<br>\u201eEs ist rich\u00adtig dass man den gigan\u00adti\u00adschen Inves\u00adti\u00adti\u00adons\u00adstau in unse\u00adrem Land nicht l\u00e4n\u00adger igno\u00adriert. Per\u00adspek\u00adti\u00advisch hal\u00adten wir eine deut\u00adli\u00adche Libe\u00adra\u00adli\u00adsie\u00adrung der Schul\u00adden\u00adre\u00adgel im Grund\u00adge\u00adsetz f\u00fcr mehr als \u00fcber\u00adf\u00e4l\u00adlig.\u201c betont Juso-Chef Commey-Bortsie.<\/p>\n<!-- \/divi:paragraph -->\n\n<!-- divi:paragraph -->\n<p>Doch ins\u00adge\u00adsamt \u00fcber\u00adwiegt f\u00fcr die Jusos Saar\u00adland die Ent\u00adt\u00e4u\u00adschung. \u201eEin paar gute wirt\u00adschafts\u00adpo\u00adli\u00adti\u00adsche Ma\u00df\u00adnah\u00admen k\u00f6n\u00adnen nicht dar\u00ad\u00fcber hin\u00adweg\u00adt\u00e4u\u00adschen, dass die\u00adses Son\u00addie\u00adrungs\u00ader\u00adgeb\u00adnis an vie\u00adlen Stel\u00adlen ein Knie\u00adfall vor rech\u00adten Nar\u00adra\u00adti\u00adven&nbsp;ist.\u201c<\/p>\n<!-- \/divi:paragraph -->[\/et_pb_text][\/et_pb_column][\/et_pb_row][\/et_pb_section]\n","protected":false},"excerpt":{"rendered":"<p><\/p><div class=\"et_pb_section et_pb_section_0 et_section_regular\">\n\t\t\t\t\n\t\t\t\t\n\t\t\t\t\n\t\t\t\t\n\t\t\t\t\n\t\t\t\t\n\t\t\t\t\n\t\t\t\t\n\t\t\t\t\n\t\t\t<\/div><div class=\"et_pb_row et_pb_row_0 et_pb_row_empty\">\n\t\t\t\t\n\t\t\t\t\n\t\t\t\t\n\t\t\t\t\n\t\t\t\t\n\t\t\t<\/div><div class=\"et_pb_module et_pb_text et_pb_text_0  et_pb_text_align_left et_pb_bg_layout_light\">\n\t\t\t\t\n\t\t\t\t\n\t\t\t\t\n\t\t\t\t\n\t\t\t\t\n\t\t\t<\/div> Jusos Saar kri\u00adti\u00adsie\u00adren Son\u00addie\u00adrungs\u00adpa\u00adpier: \u201eEin biss\u00adchen Licht, viel Schat\u00adten\u201c Die Jusos Saar\u00adland kri\u00adti\u00adsie\u00adren das Son\u00addie\u00adrungs\u00ader\u00adgeb\u00adnis von CDU\/CSU und SPD scharf. Beson\u00adders die Auf\u00adwei\u00adchung des B\u00fcrger*innengeldes, die Abschaf\u00adfung der t\u00e4g\u00adli\u00adchen H\u00f6chst\u00adar\u00adbeits\u00adzeit und die Ver\u00adein\u00adba\u00adrun\u00adgen im Bereich Migra\u00adti\u00adon sto\u00ad\u00dfen auf mas\u00adsi\u00adve Ableh\u00adnung. \u201eIn die\u00adser Form ist das Son\u00addie\u00adrungs\u00adpa\u00adpier f\u00fcr uns nicht trag\u00adbar. Wenn sich in&nbsp;den&nbsp;[\u2026]\n","protected":false},"author":2,"featured_media":25823,"comment_status":"closed","ping_status":"closed","sticky":false,"template":"","format":"standard","meta":{"_et_pb_use_builder":"on","_et_pb_old_content":"<!-- wp:paragraph {\"fontSize\":\"medium\"} -->\n<p class=\"has-medium-font-size\"><strong>Jusos Saar kritisieren Sondierungspapier: \u201eEin bisschen Licht, viel Schatten\u201c<\/strong><\/p>\n<!-- \/wp:paragraph -->\n\n<!-- wp:paragraph -->\n<p>Die Jusos Saarland kritisieren das Sondierungsergebnis von CDU\/CSU und SPD scharf. Besonders die Aufweichung des B\u00fcrger*innengeldes, die Abschaffung der t\u00e4glichen H\u00f6chstarbeitszeit und die Vereinbarungen im Bereich Migration sto\u00dfen auf massive Ablehnung.<\/p>\n<!-- \/wp:paragraph -->\n\n<!-- wp:paragraph -->\n<p>\u201eIn dieser Form ist das Sondierungspapier f\u00fcr uns nicht tragbar. Wenn sich in den Koalitionsverhandlungen nichts Grundlegendes \u00e4ndert, kann es kein Ja zur Koalition geben\u201c \u2013 so Steven Commey-Bortsie, Vorsitzender der Jusos Saarland.<\/p>\n<!-- \/wp:paragraph -->\n\n<!-- wp:paragraph -->\n<p>Besonders im Bereich Migration gehen die vereinbarten Ma\u00dfnahmen zu weit. Forderungen der AfD wie die Aussetzung des Familiennachzugs und eine \u201eR\u00fcckf\u00fchrungsoffensive\u201c wurden \u00fcbernommen \u2013 Themen, die k\u00fcrzlich noch zahlreiche Jusos und Sozialdemokrat*innen auf die Stra\u00dfe gebracht haben.<\/p>\n<!-- \/wp:paragraph -->\n\n<!-- wp:paragraph -->\n<p>\u201eZur\u00fcckweisungen an den Grenzen und die faktische Einf\u00fchrung eines Zwei-Klassen-Staatsangeh\u00f6rigkeitsrechts d\u00fcrfen keine Grundlage f\u00fcr eine Koalition sein!\u201c, stellt Commey-Bortsie klar.<\/p>\n<!-- \/wp:paragraph -->\n\n<!-- wp:paragraph -->\n<p>Trotz der deutlichen Kritik sehen die Jusos Saarland auch positive Ans\u00e4tze im Sondierungspapier. \u201eDie wirtschaftspolitischen Ma\u00dfnahmen sind ein klarer Schritt in die richtige Richtung, insbesondere f\u00fcr das Saarland. Mit der Einf\u00fchrung eines Industriestrompreises wird die Wettbewerbsf\u00e4higkeit unserer Industrie gest\u00e4rkt\u201c, so Commey-Bortsie. Besonders hervorzuheben sei, dass mit Anke Rehlinger eine starke saarl\u00e4ndische Stimme am Verhandlungstisch sitze: \u201eDiese saarl\u00e4ndische Handschrift ist entscheidend, um den Industriestandort zu sichern und neue, zukunftsf\u00e4hige Arbeitspl\u00e4tze zu schaffen \u2013 auch im Bereich der gr\u00fcnen und innovativen Technologien.\u201c Ebenfalls positiv bewerten die saarl\u00e4ndischen Jusos die geplanten Aufweichungen der Schuldenbremse und das Sonderverm\u00f6gen f\u00fcr Infrastruktur.<br>\u201eEs ist richtig dass man den gigantischen Investitionsstau in unserem Land nicht l\u00e4nger ignoriert. Perspektivisch halten wir eine deutliche Liberalisierung der Schuldenregel im Grundgesetz f\u00fcr mehr als \u00fcberf\u00e4llig.\u201c betont Juso-Chef Commey-Bortsie.<\/p>\n<!-- \/wp:paragraph -->\n\n<!-- wp:paragraph -->\n<p>Doch insgesamt \u00fcberwiegt f\u00fcr die Jusos Saarland die Entt\u00e4uschung. \u201eEin paar gute wirtschaftspolitische Ma\u00dfnahmen k\u00f6nnen nicht dar\u00fcber hinwegt\u00e4uschen, dass dieses Sondierungsergebnis an vielen Stellen ein Kniefall vor rechten Narrativen ist.\u201c<\/p>\n<!-- \/wp:paragraph -->","_et_gb_content_width":"","wp_typography_post_enhancements_disabled":false,"footnotes":""},"categories":[20],"tags":[],"class_list":["post-25819","post","type-post","status-publish","format-standard","has-post-thumbnail","hentry","category-pressemitteilung"],"_links":{"self":[{"href":"https:\/\/saarjusos.de\/index.php?rest_route=\/wp\/v2\/posts\/25819","targetHints":{"allow":["GET"]}}],"collection":[{"href":"https:\/\/saarjusos.de\/index.php?rest_route=\/wp\/v2\/posts"}],"about":[{"href":"https:\/\/saarjusos.de\/index.php?rest_route=\/wp\/v2\/types\/post"}],"author":[{"embeddable":true,"href":"https:\/\/saarjusos.de\/index.php?rest_route=\/wp\/v2\/users\/2"}],"replies":[{"embeddable":true,"href":"https:\/\/saarjusos.de\/index.php?rest_route=%2Fwp%2Fv2%2Fcomments&post=25819"}],"version-history":[{"count":9,"href":"https:\/\/saarjusos.de\/index.php?rest_route=\/wp\/v2\/posts\/25819\/revisions"}],"predecessor-version":[{"id":26124,"href":"https:\/\/saarjusos.de\/index.php?rest_route=\/wp\/v2\/posts\/25819\/revisions\/26124"}],"wp:featuredmedia":[{"embeddable":true,"href":"https:\/\/saarjusos.de\/index.php?rest_route=\/wp\/v2\/media\/25823"}],"wp:attachment":[{"href":"https:\/\/saarjusos.de\/index.php?rest_route=%2Fwp%2Fv2%2Fmedia&parent=25819"}],"wp:term":[{"taxonomy":"category","embeddable":true,"href":"https:\/\/saarjusos.de\/index.php?rest_route=%2Fwp%2Fv2%2Fcategories&post=25819"},{"taxonomy":"post_tag","embeddable":true,"href":"https:\/\/saarjusos.de\/index.php?rest_route=%2Fwp%2Fv2%2Ftags&post=25819"}],"curies":[{"name":"wp","href":"https:\/\/api.w.org\/{rel}","templated":true}]}}