{"id":26090,"date":"2024-01-19T07:37:00","date_gmt":"2024-01-19T07:37:00","guid":{"rendered":"https:\/\/saarjusos.de\/?p=26090"},"modified":"2025-04-28T07:53:50","modified_gmt":"2025-04-28T07:53:50","slug":"pressemitteilung-wir-fordern-ein-massnahmenpaket-gegen-die-afd","status":"publish","type":"post","link":"https:\/\/saarjusos.de\/?p=26090","title":{"rendered":"Pres\u00adse\u00admit\u00adtei\u00adlung: Wir for\u00addern ein Ma\u00df\u00adnah\u00admen\u00adpa\u00adket gegen die&nbsp;AfD!"},"content":{"rendered":"\n[et_pb_section][et_pb_row][et_pb_column type=\u201c4_4\u201d][et_pb_text]<!-- divi:paragraph -->\n<p><\/p>\n<!-- \/divi:paragraph -->\n\n<!-- divi:paragraph -->\n<p>Dazu der Vor\u00adsit\u00adzen\u00adde der Jusos Saar Ste\u00adven Com\u00admey-Bort\u00adsie: \u201eDie AfD ist eine ver\u00adfas\u00adsungs\u00adfeind\u00adli\u00adche Par\u00adtei und hat kei\u00adnen legi\u00adti\u00admen Platz im poli\u00adti\u00adschen Sys\u00adtem. Es ist die Auf\u00adga\u00adbe aller Demokrat*innen, die AfD mit allen zur Ver\u00adf\u00fc\u00adgung ste\u00adhen\u00adden Mit\u00adteln von Staat und Zivil\u00adge\u00adsell\u00adschaft zu bek\u00e4mp\u00adfen. Aus die\u00adsem Grund for\u00addern&nbsp;wir:<\/p>\n<!-- \/divi:paragraph -->\n\n<!-- divi:paragraph -->\n<p>\u00b7 Die Pr\u00fc\u00adfung der Ein\u00adstu\u00adfung der AfD bun\u00addes\u00adweit als gesi\u00adchert rechtsextrem.<\/p>\n<!-- \/divi:paragraph -->\n\n<!-- divi:paragraph -->\n<p>\u00b7 Die Pr\u00fc\u00adfung von Ver\u00adeins\u00adver\u00adbo\u00adten gegen Vor\u00adfeld\u00ador\u00adga\u00adni\u00adsa\u00adtio\u00adnen und nahe\u00adste\u00adhen\u00adden Stif\u00adtun\u00adgen der&nbsp;AfD.<\/p>\n<!-- \/divi:paragraph -->\n\n<!-- divi:paragraph -->\n<p>\u00b7 Die Pr\u00fc\u00adfung eines Aus\u00adschlus\u00adses aus der Par\u00adtei\u00aden\u00adfi\u00adnan\u00adzie\u00adrung, wobei das BVerfG Urteil zum Aus\u00adschluss der NPD am 26.01.24 abzu\u00adwar\u00adten&nbsp;ist.<\/p>\n<!-- \/divi:paragraph -->\n\n<!-- divi:paragraph -->\n<p>\u00b7 Die Pr\u00fc\u00adfung geziel\u00adter Ma\u00df\u00adnah\u00admen gegen ein\u00adzel\u00adnen Spitzenfunktion\u00e4r*innen der AfD, z.B. eine Grund\u00adrecht\u00adver\u00adwir\u00adkung nach 18 GG oder Straf\u00adan\u00adzei\u00adgen wegen \u00a7129&nbsp;StGB.\u201d<\/p>\n<!-- \/divi:paragraph -->[\/et_pb_text][\/et_pb_column][\/et_pb_row][\/et_pb_section]\n","protected":false},"excerpt":{"rendered":"<p><\/p><div class=\"et_pb_section et_pb_section_0 et_section_regular\">\n\t\t\t\t\n\t\t\t\t\n\t\t\t\t\n\t\t\t\t\n\t\t\t\t\n\t\t\t\t\n\t\t\t\t\n\t\t\t\t\n\t\t\t\t\n\t\t\t<\/div><div class=\"et_pb_row et_pb_row_0 et_pb_row_empty\">\n\t\t\t\t\n\t\t\t\t\n\t\t\t\t\n\t\t\t\t\n\t\t\t\t\n\t\t\t<\/div><div class=\"et_pb_module et_pb_text et_pb_text_0  et_pb_text_align_left et_pb_bg_layout_light\">\n\t\t\t\t\n\t\t\t\t\n\t\t\t\t\n\t\t\t\t\n\t\t\t\t\n\t\t\t<\/div> Dazu der Vor\u00adsit\u00adzen\u00adde der Jusos Saar Ste\u00adven Com\u00admey-Bort\u00adsie: \u201eDie AfD ist eine ver\u00adfas\u00adsungs\u00adfeind\u00adli\u00adche Par\u00adtei und hat kei\u00adnen legi\u00adti\u00admen Platz im poli\u00adti\u00adschen Sys\u00adtem. Es ist die Auf\u00adga\u00adbe aller Demokrat*innen, die AfD mit allen zur Ver\u00adf\u00fc\u00adgung ste\u00adhen\u00adden Mit\u00adteln von Staat und Zivil\u00adge\u00adsell\u00adschaft zu bek\u00e4mp\u00adfen. Aus die\u00adsem Grund for\u00addern wir: \u00b7 Die Pr\u00fc\u00adfung der Ein\u00adstu\u00adfung der&nbsp;AfD&nbsp;[\u2026]\n","protected":false},"author":2,"featured_media":26079,"comment_status":"closed","ping_status":"closed","sticky":false,"template":"","format":"standard","meta":{"_et_pb_use_builder":"on","_et_pb_old_content":"<!-- wp:paragraph -->\n<p><\/p>\n<!-- \/wp:paragraph -->\n\n<!-- wp:paragraph -->\n<p>Dazu der Vorsitzende der Jusos Saar Steven Commey-Bortsie: \u201eDie AfD ist eine verfassungsfeindliche Partei und hat keinen legitimen Platz im politischen System. Es ist die Aufgabe aller Demokrat*innen, die AfD mit allen zur Verf\u00fcgung stehenden Mitteln von Staat und Zivilgesellschaft zu bek\u00e4mpfen. Aus diesem Grund fordern wir:<\/p>\n<!-- \/wp:paragraph -->\n\n<!-- wp:paragraph -->\n<p>\u00b7 Die Pr\u00fcfung der Einstufung der AfD bundesweit als gesichert rechtsextrem.<\/p>\n<!-- \/wp:paragraph -->\n\n<!-- wp:paragraph -->\n<p>\u00b7 Die Pr\u00fcfung von Vereinsverboten gegen Vorfeldorganisationen und nahestehenden Stiftungen der AfD.<\/p>\n<!-- \/wp:paragraph -->\n\n<!-- wp:paragraph -->\n<p>\u00b7 Die Pr\u00fcfung eines Ausschlusses aus der Parteienfinanzierung, wobei das BVerfG Urteil zum Ausschluss der NPD am 26.01.24 abzuwarten ist.<\/p>\n<!-- \/wp:paragraph -->\n\n<!-- wp:paragraph -->\n<p>\u00b7 Die Pr\u00fcfung gezielter Ma\u00dfnahmen gegen einzelnen Spitzenfunktion\u00e4r*innen der AfD, z.B. eine Grundrechtverwirkung nach 18 GG oder Strafanzeigen wegen \u00a7129 StGB.\"<\/p>\n<!-- \/wp:paragraph -->","_et_gb_content_width":"","wp_typography_post_enhancements_disabled":false,"footnotes":""},"categories":[20],"tags":[],"class_list":["post-26090","post","type-post","status-publish","format-standard","has-post-thumbnail","hentry","category-pressemitteilung"],"_links":{"self":[{"href":"https:\/\/saarjusos.de\/index.php?rest_route=\/wp\/v2\/posts\/26090","targetHints":{"allow":["GET"]}}],"collection":[{"href":"https:\/\/saarjusos.de\/index.php?rest_route=\/wp\/v2\/posts"}],"about":[{"href":"https:\/\/saarjusos.de\/index.php?rest_route=\/wp\/v2\/types\/post"}],"author":[{"embeddable":true,"href":"https:\/\/saarjusos.de\/index.php?rest_route=\/wp\/v2\/users\/2"}],"replies":[{"embeddable":true,"href":"https:\/\/saarjusos.de\/index.php?rest_route=%2Fwp%2Fv2%2Fcomments&post=26090"}],"version-history":[{"count":4,"href":"https:\/\/saarjusos.de\/index.php?rest_route=\/wp\/v2\/posts\/26090\/revisions"}],"predecessor-version":[{"id":26130,"href":"https:\/\/saarjusos.de\/index.php?rest_route=\/wp\/v2\/posts\/26090\/revisions\/26130"}],"wp:featuredmedia":[{"embeddable":true,"href":"https:\/\/saarjusos.de\/index.php?rest_route=\/wp\/v2\/media\/26079"}],"wp:attachment":[{"href":"https:\/\/saarjusos.de\/index.php?rest_route=%2Fwp%2Fv2%2Fmedia&parent=26090"}],"wp:term":[{"taxonomy":"category","embeddable":true,"href":"https:\/\/saarjusos.de\/index.php?rest_route=%2Fwp%2Fv2%2Fcategories&post=26090"},{"taxonomy":"post_tag","embeddable":true,"href":"https:\/\/saarjusos.de\/index.php?rest_route=%2Fwp%2Fv2%2Ftags&post=26090"}],"curies":[{"name":"wp","href":"https:\/\/api.w.org\/{rel}","templated":true}]}}