{"id":26186,"date":"2025-05-02T12:26:33","date_gmt":"2025-05-02T12:26:33","guid":{"rendered":"https:\/\/saarjusos.de\/?p=26186"},"modified":"2025-05-09T05:46:16","modified_gmt":"2025-05-09T05:46:16","slug":"pressemitteilung-afd-gesichert-rechtsextrem-wir-fordern-schritte-bis-hin-zum-verbotsverfahren","status":"publish","type":"post","link":"https:\/\/saarjusos.de\/?p=26186","title":{"rendered":"Pres\u00adse\u00admit\u00adtei\u00adlung: AFD gesi\u00adchert Rechts\u00adextrem \u2014 Wir for\u00addern Schrit\u00adte bis hin zum Verbotsverfahren!"},"content":{"rendered":"\n[et_pb_section][et_pb_row][et_pb_column type=\u201c4_4\u201d][et_pb_text]<!-- divi:paragraph -->\n<p>AfD als gesi\u00adchert rechts\u00adextrem ein\u00adge\u00adstuft \u2013 Jusos Saar for\u00addern kon\u00adse\u00adquen\u00adte Schrit\u00adte bis hin zum Parteiverbotsverfahren<\/p>\n<!-- \/divi:paragraph -->\n\n<!-- divi:paragraph -->\n<p>Die Jusos Saar begr\u00fc\u00ad\u00dfen die ein\u00addeu\u00adti\u00adge Ein\u00adstu\u00adfung der AfD als gesi\u00adchert rechts\u00adextre\u00admis\u00adtisch durch das Bun\u00addes\u00adamt f\u00fcr Ver\u00adfas\u00adsungs\u00adschutz. Die\u00adse Ent\u00adschei\u00addung best\u00e4\u00adtigt, was Antifaschist*innen und zivil\u00adge\u00adsell\u00adschaft\u00adli\u00adche Orga\u00adni\u00adsa\u00adtio\u00adnen seit Jah\u00adren beto\u00adnen: Die AfD ist kei\u00adne Pro\u00adtest\u00adpar\u00adtei, son\u00addern eine Gefahr f\u00fcr unser Zusammenleben.<\/p>\n<!-- \/divi:paragraph -->\n\n<!-- divi:paragraph -->\n<p>\u201eDie AfD reiht sich ideo\u00adlo\u00adgisch und struk\u00adtu\u00adrell neben Par\u00adtei\u00aden wie die NPD ein \u2013 mit dem Unter\u00adschied, dass sie in Par\u00adla\u00admen\u00adten sitzt und dort aktiv ras\u00adsis\u00adti\u00adsche, anti\u00adplu\u00adra\u00adlis\u00adti\u00adsche und men\u00adschen\u00adver\u00adach\u00adten\u00adde Posi\u00adtio\u00adnen ver\u00adtritt\u201c, erkl\u00e4rt Ste\u00adven Com\u00admey-Bort\u00adsie, Vor\u00adsit\u00adzen\u00adder der Jusos Saar. \u201eWer das Exis\u00adtenz\u00adrecht gan\u00adzer Men\u00adschen\u00adgrup\u00adpen infra\u00adge stellt, geh\u00f6rt nicht in den Bun\u00addes\u00adtag, son\u00addern auf den&nbsp;Index.\u201c<\/p>\n<!-- \/divi:paragraph -->\n\n<!-- divi:paragraph -->\n<p>Die Jusos Saar for\u00addern eine ernst\u00adhaf\u00adte juris\u00adti\u00adsche Pr\u00fc\u00adfung eines AfD-Ver\u00adbots\u00adver\u00adfah\u00adrens gem\u00e4\u00df Arti\u00adkel 21 Absatz 2 Grund\u00adge\u00adsetz. Der Rechts\u00adstaat darf gegen\u00ad\u00fcber sei\u00adnen Fein\u00adden nicht neu\u00adtral bleiben.<\/p>\n<!-- \/divi:paragraph -->\n\n<!-- divi:paragraph -->\n<p>\u201eEs geht nicht um Mei\u00adnung \u2013 es geht um geziel\u00adten Hass. Die AfD tritt Grund- und Frei\u00adheits\u00adrech\u00adte mit F\u00fc\u00dfen. Wer so agiert, hat in der poli\u00adti\u00adschen Wil\u00adlens\u00adbil\u00addung nichts ver\u00adlo\u00adren\u201c, so Com\u00admey-Bort\u00adsie weiter.<\/p>\n<!-- \/divi:paragraph -->\n\n<!-- divi:paragraph -->\n<p>Die Jusos Saar rufen alle fort\u00adschritt\u00adli\u00adchen Kr\u00e4f\u00adte dazu auf, Hal\u00adtung zu zei\u00adgen \u2013 auf der Stra\u00ad\u00dfe, im All\u00adtag und in poli\u00adti\u00adschen Gre\u00admi\u00aden. Der Rechts\u00adruck l\u00e4sst sich nicht aus\u00adsit\u00adzen. Jetzt braucht&nbsp;es&nbsp;Konsequenz.<\/p>\n<!-- \/divi:paragraph -->[\/et_pb_text][\/et_pb_column][\/et_pb_row][\/et_pb_section]\n","protected":false},"excerpt":{"rendered":"<p><\/p><div class=\"et_pb_section et_pb_section_0 et_section_regular\">\n\t\t\t\t\n\t\t\t\t\n\t\t\t\t\n\t\t\t\t\n\t\t\t\t\n\t\t\t\t\n\t\t\t\t\n\t\t\t\t\n\t\t\t\t\n\t\t\t<\/div><div class=\"et_pb_row et_pb_row_0 et_pb_row_empty\">\n\t\t\t\t\n\t\t\t\t\n\t\t\t\t\n\t\t\t\t\n\t\t\t\t\n\t\t\t<\/div><div class=\"et_pb_module et_pb_text et_pb_text_0  et_pb_text_align_left et_pb_bg_layout_light\">\n\t\t\t\t\n\t\t\t\t\n\t\t\t\t\n\t\t\t\t\n\t\t\t\t\n\t\t\t<\/div> AfD als gesi\u00adchert rechts\u00adextrem ein\u00adge\u00adstuft \u2013 Jusos Saar for\u00addern kon\u00adse\u00adquen\u00adte Schrit\u00adte bis hin zum Par\u00adtei\u00adver\u00adbots\u00adver\u00adfah\u00adren Die Jusos Saar begr\u00fc\u00ad\u00dfen die ein\u00addeu\u00adti\u00adge Ein\u00adstu\u00adfung der AfD als gesi\u00adchert rechts\u00adextre\u00admis\u00adtisch durch das Bun\u00addes\u00adamt f\u00fcr Ver\u00adfas\u00adsungs\u00adschutz. Die\u00adse Ent\u00adschei\u00addung best\u00e4\u00adtigt, was Antifaschist*innen und zivil\u00adge\u00adsell\u00adschaft\u00adli\u00adche Orga\u00adni\u00adsa\u00adtio\u00adnen seit Jah\u00adren beto\u00adnen: Die AfD ist kei\u00adne Pro\u00adtest\u00adpar\u00adtei, son\u00addern eine Gefahr f\u00fcr unser Zusammenleben.&nbsp;[\u2026]\n","protected":false},"author":2,"featured_media":26187,"comment_status":"closed","ping_status":"closed","sticky":false,"template":"","format":"standard","meta":{"_et_pb_use_builder":"on","_et_pb_old_content":"<!-- wp:paragraph -->\n<p>AfD als gesichert rechtsextrem eingestuft \u2013 Jusos Saar fordern konsequente Schritte bis hin zum Parteiverbotsverfahren<\/p>\n<!-- \/wp:paragraph -->\n\n<!-- wp:paragraph -->\n<p>Die Jusos Saar begr\u00fc\u00dfen die eindeutige Einstufung der AfD als gesichert rechtsextremistisch durch das Bundesamt f\u00fcr Verfassungsschutz. Diese Entscheidung best\u00e4tigt, was Antifaschist*innen und zivilgesellschaftliche Organisationen seit Jahren betonen: Die AfD ist keine Protestpartei, sondern eine Gefahr f\u00fcr unser Zusammenleben.<\/p>\n<!-- \/wp:paragraph -->\n\n<!-- wp:paragraph -->\n<p>\u201eDie AfD reiht sich ideologisch und strukturell neben Parteien wie die NPD ein \u2013 mit dem Unterschied, dass sie in Parlamenten sitzt und dort aktiv rassistische, antipluralistische und menschenverachtende Positionen vertritt\u201c, erkl\u00e4rt Steven Commey-Bortsie, Vorsitzender der Jusos Saar. \u201eWer das Existenzrecht ganzer Menschengruppen infrage stellt, geh\u00f6rt nicht in den Bundestag, sondern auf den Index.\u201c<\/p>\n<!-- \/wp:paragraph -->\n\n<!-- wp:paragraph -->\n<p>Die Jusos Saar fordern eine ernsthafte juristische Pr\u00fcfung eines AfD-Verbotsverfahrens gem\u00e4\u00df Artikel 21 Absatz 2 Grundgesetz. Der Rechtsstaat darf gegen\u00fcber seinen Feinden nicht neutral bleiben.<\/p>\n<!-- \/wp:paragraph -->\n\n<!-- wp:paragraph -->\n<p>\u201eEs geht nicht um Meinung \u2013 es geht um gezielten Hass. Die AfD tritt Grund- und Freiheitsrechte mit F\u00fc\u00dfen. Wer so agiert, hat in der politischen Willensbildung nichts verloren\u201c, so Commey-Bortsie weiter.<\/p>\n<!-- \/wp:paragraph -->\n\n<!-- wp:paragraph -->\n<p>Die Jusos Saar rufen alle fortschrittlichen Kr\u00e4fte dazu auf, Haltung zu zeigen \u2013 auf der Stra\u00dfe, im Alltag und in politischen Gremien. Der Rechtsruck l\u00e4sst sich nicht aussitzen. Jetzt braucht&nbsp;es&nbsp;Konsequenz.<\/p>\n<!-- \/wp:paragraph -->","_et_gb_content_width":"","wp_typography_post_enhancements_disabled":false,"footnotes":""},"categories":[20],"tags":[],"class_list":["post-26186","post","type-post","status-publish","format-standard","has-post-thumbnail","hentry","category-pressemitteilung"],"_links":{"self":[{"href":"https:\/\/saarjusos.de\/index.php?rest_route=\/wp\/v2\/posts\/26186","targetHints":{"allow":["GET"]}}],"collection":[{"href":"https:\/\/saarjusos.de\/index.php?rest_route=\/wp\/v2\/posts"}],"about":[{"href":"https:\/\/saarjusos.de\/index.php?rest_route=\/wp\/v2\/types\/post"}],"author":[{"embeddable":true,"href":"https:\/\/saarjusos.de\/index.php?rest_route=\/wp\/v2\/users\/2"}],"replies":[{"embeddable":true,"href":"https:\/\/saarjusos.de\/index.php?rest_route=%2Fwp%2Fv2%2Fcomments&post=26186"}],"version-history":[{"count":3,"href":"https:\/\/saarjusos.de\/index.php?rest_route=\/wp\/v2\/posts\/26186\/revisions"}],"predecessor-version":[{"id":26191,"href":"https:\/\/saarjusos.de\/index.php?rest_route=\/wp\/v2\/posts\/26186\/revisions\/26191"}],"wp:featuredmedia":[{"embeddable":true,"href":"https:\/\/saarjusos.de\/index.php?rest_route=\/wp\/v2\/media\/26187"}],"wp:attachment":[{"href":"https:\/\/saarjusos.de\/index.php?rest_route=%2Fwp%2Fv2%2Fmedia&parent=26186"}],"wp:term":[{"taxonomy":"category","embeddable":true,"href":"https:\/\/saarjusos.de\/index.php?rest_route=%2Fwp%2Fv2%2Fcategories&post=26186"},{"taxonomy":"post_tag","embeddable":true,"href":"https:\/\/saarjusos.de\/index.php?rest_route=%2Fwp%2Fv2%2Ftags&post=26186"}],"curies":[{"name":"wp","href":"https:\/\/api.w.org\/{rel}","templated":true}]}}